{"id":75,"date":"2021-02-25T00:00:10","date_gmt":"2021-02-24T22:00:10","guid":{"rendered":"https:\/\/www.dianagubas.com\/wp\/?p=75"},"modified":"2022-02-10T15:13:04","modified_gmt":"2022-02-10T13:13:04","slug":"interviu-ziarul-news","status":"publish","type":"post","link":"https:\/\/www.dianagubas.com\/en\/interviu-ziarul-news\/","title":{"rendered":"Interviu. Ziarul News"},"content":{"rendered":"<h5>Interviu realizat de Carmen Burtea<\/h5>\n<blockquote>\n<h2>&#8222;Atunci c\u00e2nd cau\u021bi fericirea altora o descoperi \u0219i o tr\u0103ie\u0219ti pe a ta.\u201d<\/h2>\n<\/blockquote>\n<p>Parcursul s\u0103u profesional a \u00eenceput cu Academia de Educa\u021bie Fizic\u0103 \u0219i Sport din Bucure\u0219ti, specializarea kinetoterapie. \u00centotdeauna a fost pasionat\u0103 de s\u0103n\u0103tate, iar experien\u021bele din via\u021b\u0103 \u00eentotdeauna au adus-o pe aceast\u0103 cale. Sus\u021bine c\u0103 domeniul m-a ales pe mine \u0219i viceversa. Dup\u0103 11 ani petrecu\u021bi \u00een centre spa pe vapoare de croazier\u0103, \u00een 2017 a descoperit uleiurile esen\u021biale doTerra. A \u00eenceput s\u0103 foloseasc\u0103 uleiurile esen\u021biale sub toate formele: aromatic, topic \u0219i intern. Propriet\u0103\u021bile lor \u0219i eficien\u021ba testat\u0103 au determinat-o s\u0103 le recomande mai departe \u0219i s\u0103 aprofundeze subiectul, iar \u00een 2019 s-a specializat \u0219i \u00een Aromaterapie.<\/p>\n<p>Diana locuie\u0219te \u00een Bra\u0219ov, \u00eenconjurat\u0103 de o familie minunat\u0103 \u0219i de un cerc de prieteni pe m\u0103sur\u0103. Jobul full-time de mam\u0103 a unei feti\u021be curioase \u0219i energice de 8 ani \u00eei las\u0103, din fericire, suficient timp pentru a-\u0219i explora \u00een continuare pasiunile. Particip\u0103 constant la conferin\u021be sus\u021binute de exper\u021bi locali \u0219i interna\u021bionali \u00een Aromaterapie, pentru a fi la curent cu toate nout\u0103\u021bile \u0219i pentru a se asigura c\u0103 ofer\u0103 cele mai bune recomand\u0103ri de uleiuri esen\u021biale doTerra. Consider\u0103 c\u0103 procesul de dezvoltare al propriei persoane nu se opre\u0219te niciodat\u0103, iar acest lucru se reflect\u0103 \u00een fiecare nivel al activit\u0103\u021bii sale.<\/p>\n<h5>CINE E OMUL DIANA?<\/h5>\n<p>\u00centotdeauna am fost pasionat\u0103 de natur\u0103, s\u0103n\u0103tate, nutri\u021bie, spiritualitate \u0219i modalit\u0103\u021bile prin care putem atinge idealul de minte s\u0103n\u0103toas\u0103 \u00eentr-un corp la fel de s\u0103n\u0103tos. \u00cemi investesc tot timpul \u0219i energia \u00een dezvoltarea personal\u0103 \u0219i documentarea pe temele care m\u0103 intereseaz\u0103, astfel \u00eenc\u00e2t s\u0103 pot oferi informa\u021bii valoroase celor care \u00eemi \u00eemp\u0103rt\u0103\u0219esc viziunea.<\/p>\n<p>Am urmat cursuri de dezvoltare personala, am citit \u0219i citesc multe c\u0103r\u021bi din sfera spiritualit\u0103\u021bii, practic cu ardoare crea\u021bia con\u0219tient\u0103 \u0219i via\u021ba \u00een prezent. Scopul meu e s\u0103 inspir prin puterea exemplului \u0219i s\u0103 \u00eei ajut pe cei din jur s\u0103 \u00ee\u0219i construiasc\u0103 o via\u021b\u0103 prosper\u0103, prin g\u0103sirea echilibrului \u00eentre claritate, s\u0103n\u0103tate, spiritualitate, \u0219tiin\u021b\u0103 \u0219i materialitate.<\/p>\n<h5>CUM A AJUNS DIANA S\u0102 FOLOSEASC\u0102 ULEIURILE ESEN\u021aIALE DOTERRA?<\/h5>\n<p>Ini\u021bial a fost pur\u0103 curiozitate, la recomandarea unei prietene foarte bune, \u00een care aveam mare \u00eencredere. Intui\u021bia mi-a \u0219optit c\u0103 e o decizie bun\u0103 s\u0103 \u00eemi cump\u0103r un kit de familie doTerra, cu diffuser. La scurt timp mi s-a \u0219i dovedit, printr-o provocare de s\u0103n\u0103tate, c\u0103 aceste uleiuri sunt foarte eficiente, ac\u021bioneaz\u0103 rapid \u0219i poten\u021beaz\u0103 corpul \u00een procesul s\u0103u de vindecare. Efectele pozitive ale acestora sunt dovedite \u0219tiin\u021bific, \u0219i cred cu t\u0103rie c\u0103 ele ne pot ajut\u0103 s\u0103 atingem bun\u0103starea fizic\u0103 \u0219i emo\u021bional\u0103, \u00een combina\u021bie cu obiceiuri s\u0103n\u0103toase de via\u021b\u0103.<\/p>\n<p>Putem g\u0103si solu\u021bii organice pliate perfect pe nevoile tale \u0219i ale familiei tale, \u00eentruc\u00e2t natura e antidotul pentru o gam\u0103 larg\u0103 de dezechilibre ale organismului.<\/p>\n<p>I\u2019m grateful for being part of the enormous doTerra project, and for the fact that it allows me to contribute positively to the betterment of so many people\u2019s lives \u2014 one perfumed drop at a time.<\/p>\n<h5>DIANA, DE UNDE A VENIT IDEEA NOULUI T\u0102U PROIECT ?<\/h5>\n<p>\u00cemi doresc foarte mult s\u0103 aduc plus valoare educa\u021biei oric\u0103rei persoane care simte nevoia de a evolua. St\u00e2nd de vorb\u0103 cu multe persoane de-a lungul timpului, am fost sf\u0103tuit\u0103 \u0219i \u00eencurajat\u0103 s\u0103 ofer aceste informa\u021bii, \u00eensu\u0219ite prin practici valoroase, publicului larg. Aceste informa\u021bii vin dintr-un izvor de cuno\u0219tin\u021be, acumulate \u00een urma unei experien\u021be vaste de via\u021b\u0103, din culturi diferite, din numeroase col\u021buri de lume colindate. A\u0219a mi-a venit ideea proiectului dianagubas.com care a luat na\u0219tere dup\u0103 o viziune pe care eu o am de mica: aceea de a m\u0103 pune \u00een slujba altora, cu informa\u021bia potrivit\u0103 la momentul potrivit. Se spune c\u0103 atunci c\u00e2nd cau\u021bi fericirea altora o descoperi \u0219i o tr\u0103ie\u0219ti pe a ta.<\/p>\n<h5>CE CREZI TU, DIANA, C\u0102 AR TREBUI S\u0102 SE G\u0102SEASC\u0102 \u00ceN CASA FIEC\u0102REI FAMILII \u00ceN MATERIE DE ULEIURI ESEN\u021aIALE \u0218I AROMATERAPIE?<\/h5>\n<p>Mirosul este cel mai vechi sim\u021b \u00een dezvoltarea organismelor vii. Acesta influen\u021beaz\u0103 profund ira\u021bionalul \u0219i emo\u021biile. Poate induce entuziasmul sau calmul, sentimentul de simpatie sau respingerea instinctiv\u0103, semnal\u00e2nd apropierea amenin\u021b\u0103rii sau pericolului.<\/p>\n<p>\u00cen cas\u0103 ar trebui s\u0103 avem un difuzor \u00een camera de zi \u0219i un difuzor unde dormim, \u00een care s\u0103 folosim blendurile \u0219i uleiurile d\u014dTERRA care ne sus\u021bin s\u0103n\u0103tatea emo\u021bional\u0103. De asemenea, recomand home essential kit care con\u021bine un difuzor, 10 uleiuri \u0219i blenduri ce sunt de un real folos fiec\u0103rei persoane \u0219i familii. Sincer\u0103 s\u0103 fiu, 85% din provoc\u0103rile din s\u0103n\u0103tate care apar \u00een casa mea le rezolv cu aceste uleiuri esen\u021biale parte din kit, de aceea sunt indispensabile \u00een cas\u0103.<\/p>\n<h5>ESTE IMPORTANT\u0102 SURSA ULEIURILOR ESEN\u021aIALE?<\/h5>\n<p>Un ulei esen\u021bial care nu este pur implic\u0103 riscul contamin\u0103rii cu microbi, metale grele sau aditivi, care ajung pe piele sau \u00een interiorul organismului, put\u00e2nd provoca irita\u021bii, reac\u021bii adverse sau chiar \u00eemboln\u0103vire. Majoritatea uleiurilor esen\u021biale de pe pia\u021b\u0103 sunt folosite \u00een industria parfumurilor, alimentar\u0103 sau sunt ad\u0103ugate \u00een s\u0103punuri \u0219i lum\u00e2n\u0103ri. Din p\u0103cate, chiar \u0219i acele uleiuri despre care se spune c\u0103 pot fi folosite \u00een scopuri terapeutice sunt foarte des diluate sau adulterate de c\u0103tre cei care \u00ee\u0219i doresc s\u0103 \u00ee\u0219i creasc\u0103 profitul, s\u0103 controleze consisten\u021ba uleiurilor \u0219i s\u0103 le fac\u0103 s\u0103 aib\u0103 un miros c\u00e2t mai atr\u0103g\u0103tor \u0219i pl\u0103cut.<\/p>\n<p>Folosesc uleiurile esen\u021biale d\u014dTERRA, care sunt testate \u0219i certificate ca fiind cele mai de \u00eencredere \u0219i mai pure. \u00cen lipsa unui standard acceptat \u00een ceea ce prive\u0219te calitatea uleiurilor esen\u021biale, doTERRA a creat propriul s\u0103u proces de testare, denumindu-l CPTG Certified Pure Tested Grade\u00ae (Grad Testat Pur Certificat). Procesul CPTG certific\u0103 faptul c\u0103 nu exist\u0103 agen\u021bi de umplere, ingrediente sintetice sau contaminan\u021bi nocivi \u00een uleiurile lor esen\u021biale, care le-ar putea reduce eficacitatea. doTERRA merge \u0219i mai departe, trec\u00e2nd toate produsele \u0219i ambalajele sale printr-o serie de teste pentru a asigura o perioad\u0103 de valabilitate lung\u0103 \u0219i benefic\u0103. Acest protocol asigur\u0103 poten\u021ba, puritatea \u0219i consecven\u021ba de la un lot la altul.<\/p>\n<p>M\u0103 simt \u00een siguran\u021b\u0103 s\u0103 le folosesc \u0219i s\u0103 le recomand de la mic la mare.<\/p>\n<h5>LA FINAL, CE ALTE LUCRURI DORE\u0218TI S\u0102 \u00ceMP\u0102RT\u0102\u0218E\u0218TI CU CITITORII NO\u0218TRI?<\/h5>\n<p>V\u0103 invit la cunoa\u0219terea de sine. Este o perioad\u0103 \u00een care to\u021bi trebuie s\u0103 ne descoperim cu adev\u0103rat: cine suntem, ce ne ajut\u0103, ce putem face pentru a ne men\u021bine starea de bine. Acum e momentul perfect pentru a descoperi cea mai bun\u0103 variant\u0103 a noastr\u0103 cu adev\u0103rat. Sunt recunosc\u0103toare pentru toat\u0103 experien\u021ba acumulat\u0103 \u0219i \u0219tiu c\u0103 proiectul meu poate sus\u021bine omul \u00een cele mai profunde \u0219i mai importante aspecte din via\u021b\u0103! Vreau s\u0103 fiu o p\u0103rticic\u0103 din drumul t\u0103u. \u0218tiu c\u0103, dac\u0103 ne lu\u0103m de m\u00e2n\u0103, reu\u0219im! Tr\u0103iesc ACUM \u0219i v\u0103 invit \u0219i pe voi s\u0103 tr\u0103i\u021bi acum \u0219i aici!<\/p>\n<h5>CITE\u0218TE INTERVIUL PE NEWSNATIONAL.RO<\/h5>\n<p><a href=\"https:\/\/ziarulnews.ro\/2021\/02\/01\/interviu-cu-diana-gubas-kinetoterapeut-aromaterapeut-antreprenor-fondator-dianagubas-com\/\" target=\"_blank\" rel=\"noopener nofollow\"><img loading=\"lazy\" decoding=\"async\" class=\"alignleft wp-image-1393 size-full\" src=\"https:\/\/www.dianagubas.com\/new\/wp-content\/uploads\/2021\/02\/cropped-Sigla-Newsnational-2020.jpg\" alt=\"\" width=\"116\" height=\"31\" \/><\/a><\/p>\n<p>&nbsp;<\/p>","protected":false},"excerpt":{"rendered":"<p>Interviu realizat de Carmen Burtea &#8222;Atunci c\u00e2nd cau\u021bi fericirea altora o descoperi \u0219i o tr\u0103ie\u0219ti pe a ta.\u201d Parcursul s\u0103u profesional a \u00eenceput cu Academia de Educa\u021bie Fizic\u0103 \u0219i Sport din Bucure\u0219ti, specializarea kinetoterapie. \u00centotdeauna a fost pasionat\u0103 de s\u0103n\u0103tate, iar experien\u021bele din via\u021b\u0103 \u00eentotdeauna au adus-o pe aceast\u0103 cale. Sus\u021bine c\u0103 domeniul m-a ales [&hellip;]<\/p>\n","protected":false},"author":3,"featured_media":1384,"comment_status":"open","ping_status":"closed","sticky":false,"template":"","format":"standard","meta":{"_acf_changed":false,"_et_pb_use_builder":"off","_et_pb_old_content":"","_et_gb_content_width":"","inline_featured_image":false,"footnotes":""},"categories":[1],"tags":[],"class_list":["post-75","post","type-post","status-publish","format-standard","has-post-thumbnail","hentry","category-articole"],"acf":[],"_links":{"self":[{"href":"https:\/\/www.dianagubas.com\/en\/wp-json\/wp\/v2\/posts\/75","targetHints":{"allow":["GET"]}}],"collection":[{"href":"https:\/\/www.dianagubas.com\/en\/wp-json\/wp\/v2\/posts"}],"about":[{"href":"https:\/\/www.dianagubas.com\/en\/wp-json\/wp\/v2\/types\/post"}],"author":[{"embeddable":true,"href":"https:\/\/www.dianagubas.com\/en\/wp-json\/wp\/v2\/users\/3"}],"replies":[{"embeddable":true,"href":"https:\/\/www.dianagubas.com\/en\/wp-json\/wp\/v2\/comments?post=75"}],"version-history":[{"count":27,"href":"https:\/\/www.dianagubas.com\/en\/wp-json\/wp\/v2\/posts\/75\/revisions"}],"predecessor-version":[{"id":51215,"href":"https:\/\/www.dianagubas.com\/en\/wp-json\/wp\/v2\/posts\/75\/revisions\/51215"}],"wp:featuredmedia":[{"embeddable":true,"href":"https:\/\/www.dianagubas.com\/en\/wp-json\/wp\/v2\/media\/1384"}],"wp:attachment":[{"href":"https:\/\/www.dianagubas.com\/en\/wp-json\/wp\/v2\/media?parent=75"}],"wp:term":[{"taxonomy":"category","embeddable":true,"href":"https:\/\/www.dianagubas.com\/en\/wp-json\/wp\/v2\/categories?post=75"},{"taxonomy":"post_tag","embeddable":true,"href":"https:\/\/www.dianagubas.com\/en\/wp-json\/wp\/v2\/tags?post=75"}],"curies":[{"name":"wp","href":"https:\/\/api.w.org\/{rel}","templated":true}]}}